{"id":516,"date":"2016-01-14T22:25:27","date_gmt":"2016-01-15T01:25:27","guid":{"rendered":"http:\/\/www.falaroca.com\/mapa\/?p=516"},"modified":"2016-06-23T12:52:18","modified_gmt":"2016-06-23T15:52:18","slug":"conjunto-habitacional-do-pac","status":"publish","type":"post","link":"https:\/\/www.falaroca.com\/mapa\/conjunto-habitacional-do-pac\/","title":{"rendered":"Conjunto Habitacional do PAC"},"content":{"rendered":"<p><img loading=\"lazy\" decoding=\"async\" class=\"borda-imagens alignright size-medium wp-image-728\" src=\"http:\/\/www.falaroca.com\/mapa\/wp-content\/uploads\/2016\/01\/rocinha-10-620x465.jpg\" alt=\"rocinha-10\" width=\"300\" height=\"250\" \/><\/p>\n<p style=\"text-align: justify;\">O Conjunto Habitacional do PAC, na Rua 4, foi constru\u00eddo durante as <a href=\"http:\/\/www.emop.rj.gov.br\/trabalho-tecnico-social\/pac-1\/\" target=\"_blank\">obras do PAC 1 pelo governo federal<\/a>. Antigamente, o terreno era a garagem da empresa de \u00f4nibus <em>Transportes Amigos Unidos<\/em> (TAU).<\/p>\n<p style=\"text-align: justify;\">Entre os pr\u00e9dios existe uma pra\u00e7a cuja popula\u00e7\u00e3o utiliza com frequ\u00eancia.<\/p>\n<p style=\"text-align: justify;\"><strong>SERVI\u00c7O:<\/strong><\/p>\n<p style=\"text-align: justify;\">Estrada da G\u00e1vea, 370 a 390<\/p>\n","protected":false},"excerpt":{"rendered":"<p>O Conjunto Habitacional do PAC, na Rua 4, foi constru\u00eddo durante as obras do PAC 1 pelo governo federal. Antigamente, o terreno era a garagem da empresa de \u00f4nibus Transportes Amigos Unidos (TAU). Entre os pr\u00e9dios existe uma pra\u00e7a cuja popula\u00e7\u00e3o utiliza com frequ\u00eancia. SERVI\u00c7O: Estrada da G\u00e1vea, 370 a 390<\/p>\n","protected":false},"author":1,"featured_media":0,"comment_status":"closed","ping_status":"closed","sticky":false,"template":"","format":"standard","meta":{"_themeisle_gutenberg_block_has_review":false,"footnotes":""},"categories":[44],"tags":[],"class_list":["post-516","post","type-post","status-publish","format-standard","hentry","category-ponto-de-referencia"],"blocksy_meta":{"styles_descriptor":{"styles":{"desktop":"","tablet":"","mobile":""},"google_fonts":[],"version":6}},"yoast_head":"<!-- This site is optimized with the Yoast SEO plugin v25.2 - https:\/\/yoast.com\/wordpress\/plugins\/seo\/ -->\n<title>Conjunto Habitacional do PAC - Mapa Cultural da Rocinha<\/title>\n<meta name=\"robots\" content=\"index, follow, max-snippet:-1, max-image-preview:large, max-video-preview:-1\" \/>\n<link rel=\"canonical\" href=\"https:\/\/www.falaroca.com\/mapa\/conjunto-habitacional-do-pac\/\" \/>\n<meta property=\"og:locale\" content=\"pt_BR\" \/>\n<meta property=\"og:type\" content=\"article\" \/>\n<meta property=\"og:title\" content=\"Conjunto Habitacional do PAC - Mapa Cultural da Rocinha\" \/>\n<meta property=\"og:description\" content=\"O Conjunto Habitacional do PAC, na Rua 4, foi constru\u00eddo durante as obras do PAC 1 pelo governo federal. Antigamente, o terreno era a garagem da empresa de \u00f4nibus Transportes Amigos Unidos (TAU). Entre os pr\u00e9dios existe uma pra\u00e7a cuja popula\u00e7\u00e3o utiliza com frequ\u00eancia. SERVI\u00c7O: Estrada da G\u00e1vea, 370 a 390\" \/>\n<meta property=\"og:url\" content=\"https:\/\/www.falaroca.com\/mapa\/conjunto-habitacional-do-pac\/\" \/>\n<meta property=\"og:site_name\" content=\"Mapa Cultural da Rocinha\" \/>\n<meta property=\"article:published_time\" content=\"2016-01-15T01:25:27+00:00\" \/>\n<meta property=\"article:modified_time\" content=\"2016-06-23T15:52:18+00:00\" \/>\n<meta property=\"og:image\" content=\"http:\/\/www.falaroca.com\/mapa\/wp-content\/uploads\/2016\/01\/rocinha-10-620x465.jpg\" \/>\n<meta name=\"author\" content=\"Michel Silva\" \/>\n<meta name=\"twitter:card\" content=\"summary_large_image\" \/>\n<meta name=\"twitter:label1\" content=\"Escrito por\" \/>\n\t<meta name=\"twitter:data1\" content=\"Michel Silva\" \/>\n<script type=\"application\/ld+json\" class=\"yoast-schema-graph\">{\"@context\":\"https:\/\/schema.org\",\"@graph\":[{\"@type\":\"WebPage\",\"@id\":\"https:\/\/www.falaroca.com\/mapa\/conjunto-habitacional-do-pac\/\",\"url\":\"https:\/\/www.falaroca.com\/mapa\/conjunto-habitacional-do-pac\/\",\"name\":\"Conjunto Habitacional do PAC - Mapa Cultural da Rocinha\",\"isPartOf\":{\"@id\":\"https:\/\/www.falaroca.com\/mapa\/#website\"},\"primaryImageOfPage\":{\"@id\":\"https:\/\/www.falaroca.com\/mapa\/conjunto-habitacional-do-pac\/#primaryimage\"},\"image\":{\"@id\":\"https:\/\/www.falaroca.com\/mapa\/conjunto-habitacional-do-pac\/#primaryimage\"},\"thumbnailUrl\":\"http:\/\/www.falaroca.com\/mapa\/wp-content\/uploads\/2016\/01\/rocinha-10-620x465.jpg\",\"datePublished\":\"2016-01-15T01:25:27+00:00\",\"dateModified\":\"2016-06-23T15:52:18+00:00\",\"author\":{\"@id\":\"https:\/\/www.falaroca.com\/mapa\/#\/schema\/person\/38885d62bf0950b4eb07a75fe9969ddb\"},\"breadcrumb\":{\"@id\":\"https:\/\/www.falaroca.com\/mapa\/conjunto-habitacional-do-pac\/#breadcrumb\"},\"inLanguage\":\"pt-BR\",\"potentialAction\":[{\"@type\":\"ReadAction\",\"target\":[\"https:\/\/www.falaroca.com\/mapa\/conjunto-habitacional-do-pac\/\"]}]},{\"@type\":\"ImageObject\",\"inLanguage\":\"pt-BR\",\"@id\":\"https:\/\/www.falaroca.com\/mapa\/conjunto-habitacional-do-pac\/#primaryimage\",\"url\":\"https:\/\/www.falaroca.com\/mapa\/wp-content\/uploads\/2016\/01\/rocinha-10.jpg\",\"contentUrl\":\"https:\/\/www.falaroca.com\/mapa\/wp-content\/uploads\/2016\/01\/rocinha-10.jpg\",\"width\":800,\"height\":600},{\"@type\":\"BreadcrumbList\",\"@id\":\"https:\/\/www.falaroca.com\/mapa\/conjunto-habitacional-do-pac\/#breadcrumb\",\"itemListElement\":[{\"@type\":\"ListItem\",\"position\":1,\"name\":\"In\u00edcio\",\"item\":\"https:\/\/www.falaroca.com\/mapa\/\"},{\"@type\":\"ListItem\",\"position\":2,\"name\":\"Conjunto Habitacional do PAC\"}]},{\"@type\":\"WebSite\",\"@id\":\"https:\/\/www.falaroca.com\/mapa\/#website\",\"url\":\"https:\/\/www.falaroca.com\/mapa\/\",\"name\":\"Mapa Cultural da Rocinha\",\"description\":\"Mapa Cultural da Rocinha\",\"potentialAction\":[{\"@type\":\"SearchAction\",\"target\":{\"@type\":\"EntryPoint\",\"urlTemplate\":\"https:\/\/www.falaroca.com\/mapa\/?s={search_term_string}\"},\"query-input\":{\"@type\":\"PropertyValueSpecification\",\"valueRequired\":true,\"valueName\":\"search_term_string\"}}],\"inLanguage\":\"pt-BR\"},{\"@type\":\"Person\",\"@id\":\"https:\/\/www.falaroca.com\/mapa\/#\/schema\/person\/38885d62bf0950b4eb07a75fe9969ddb\",\"name\":\"Michel Silva\",\"image\":{\"@type\":\"ImageObject\",\"inLanguage\":\"pt-BR\",\"@id\":\"https:\/\/www.falaroca.com\/mapa\/#\/schema\/person\/image\/\",\"url\":\"https:\/\/secure.gravatar.com\/avatar\/88f5b3e34f8a857ab341971182f8d389?s=96&d=mm&r=g\",\"contentUrl\":\"https:\/\/secure.gravatar.com\/avatar\/88f5b3e34f8a857ab341971182f8d389?s=96&d=mm&r=g\",\"caption\":\"Michel Silva\"},\"url\":\"https:\/\/www.falaroca.com\/mapa\/author\/admin\/\"}]}<\/script>\n<!-- \/ Yoast SEO plugin. -->","yoast_head_json":{"title":"Conjunto Habitacional do PAC - Mapa Cultural da Rocinha","robots":{"index":"index","follow":"follow","max-snippet":"max-snippet:-1","max-image-preview":"max-image-preview:large","max-video-preview":"max-video-preview:-1"},"canonical":"https:\/\/www.falaroca.com\/mapa\/conjunto-habitacional-do-pac\/","og_locale":"pt_BR","og_type":"article","og_title":"Conjunto Habitacional do PAC - Mapa Cultural da Rocinha","og_description":"O Conjunto Habitacional do PAC, na Rua 4, foi constru\u00eddo durante as obras do PAC 1 pelo governo federal. Antigamente, o terreno era a garagem da empresa de \u00f4nibus Transportes Amigos Unidos (TAU). Entre os pr\u00e9dios existe uma pra\u00e7a cuja popula\u00e7\u00e3o utiliza com frequ\u00eancia. SERVI\u00c7O: Estrada da G\u00e1vea, 370 a 390","og_url":"https:\/\/www.falaroca.com\/mapa\/conjunto-habitacional-do-pac\/","og_site_name":"Mapa Cultural da Rocinha","article_published_time":"2016-01-15T01:25:27+00:00","article_modified_time":"2016-06-23T15:52:18+00:00","og_image":[{"url":"http:\/\/www.falaroca.com\/mapa\/wp-content\/uploads\/2016\/01\/rocinha-10-620x465.jpg","type":"","width":"","height":""}],"author":"Michel Silva","twitter_card":"summary_large_image","twitter_misc":{"Escrito por":"Michel Silva"},"schema":{"@context":"https:\/\/schema.org","@graph":[{"@type":"WebPage","@id":"https:\/\/www.falaroca.com\/mapa\/conjunto-habitacional-do-pac\/","url":"https:\/\/www.falaroca.com\/mapa\/conjunto-habitacional-do-pac\/","name":"Conjunto Habitacional do PAC - Mapa Cultural da Rocinha","isPartOf":{"@id":"https:\/\/www.falaroca.com\/mapa\/#website"},"primaryImageOfPage":{"@id":"https:\/\/www.falaroca.com\/mapa\/conjunto-habitacional-do-pac\/#primaryimage"},"image":{"@id":"https:\/\/www.falaroca.com\/mapa\/conjunto-habitacional-do-pac\/#primaryimage"},"thumbnailUrl":"http:\/\/www.falaroca.com\/mapa\/wp-content\/uploads\/2016\/01\/rocinha-10-620x465.jpg","datePublished":"2016-01-15T01:25:27+00:00","dateModified":"2016-06-23T15:52:18+00:00","author":{"@id":"https:\/\/www.falaroca.com\/mapa\/#\/schema\/person\/38885d62bf0950b4eb07a75fe9969ddb"},"breadcrumb":{"@id":"https:\/\/www.falaroca.com\/mapa\/conjunto-habitacional-do-pac\/#breadcrumb"},"inLanguage":"pt-BR","potentialAction":[{"@type":"ReadAction","target":["https:\/\/www.falaroca.com\/mapa\/conjunto-habitacional-do-pac\/"]}]},{"@type":"ImageObject","inLanguage":"pt-BR","@id":"https:\/\/www.falaroca.com\/mapa\/conjunto-habitacional-do-pac\/#primaryimage","url":"https:\/\/www.falaroca.com\/mapa\/wp-content\/uploads\/2016\/01\/rocinha-10.jpg","contentUrl":"https:\/\/www.falaroca.com\/mapa\/wp-content\/uploads\/2016\/01\/rocinha-10.jpg","width":800,"height":600},{"@type":"BreadcrumbList","@id":"https:\/\/www.falaroca.com\/mapa\/conjunto-habitacional-do-pac\/#breadcrumb","itemListElement":[{"@type":"ListItem","position":1,"name":"In\u00edcio","item":"https:\/\/www.falaroca.com\/mapa\/"},{"@type":"ListItem","position":2,"name":"Conjunto Habitacional do PAC"}]},{"@type":"WebSite","@id":"https:\/\/www.falaroca.com\/mapa\/#website","url":"https:\/\/www.falaroca.com\/mapa\/","name":"Mapa Cultural da Rocinha","description":"Mapa Cultural da Rocinha","potentialAction":[{"@type":"SearchAction","target":{"@type":"EntryPoint","urlTemplate":"https:\/\/www.falaroca.com\/mapa\/?s={search_term_string}"},"query-input":{"@type":"PropertyValueSpecification","valueRequired":true,"valueName":"search_term_string"}}],"inLanguage":"pt-BR"},{"@type":"Person","@id":"https:\/\/www.falaroca.com\/mapa\/#\/schema\/person\/38885d62bf0950b4eb07a75fe9969ddb","name":"Michel Silva","image":{"@type":"ImageObject","inLanguage":"pt-BR","@id":"https:\/\/www.falaroca.com\/mapa\/#\/schema\/person\/image\/","url":"https:\/\/secure.gravatar.com\/avatar\/88f5b3e34f8a857ab341971182f8d389?s=96&d=mm&r=g","contentUrl":"https:\/\/secure.gravatar.com\/avatar\/88f5b3e34f8a857ab341971182f8d389?s=96&d=mm&r=g","caption":"Michel Silva"},"url":"https:\/\/www.falaroca.com\/mapa\/author\/admin\/"}]}},"_links":{"self":[{"href":"https:\/\/www.falaroca.com\/mapa\/wp-json\/wp\/v2\/posts\/516","targetHints":{"allow":["GET"]}}],"collection":[{"href":"https:\/\/www.falaroca.com\/mapa\/wp-json\/wp\/v2\/posts"}],"about":[{"href":"https:\/\/www.falaroca.com\/mapa\/wp-json\/wp\/v2\/types\/post"}],"author":[{"embeddable":true,"href":"https:\/\/www.falaroca.com\/mapa\/wp-json\/wp\/v2\/users\/1"}],"replies":[{"embeddable":true,"href":"https:\/\/www.falaroca.com\/mapa\/wp-json\/wp\/v2\/comments?post=516"}],"version-history":[{"count":9,"href":"https:\/\/www.falaroca.com\/mapa\/wp-json\/wp\/v2\/posts\/516\/revisions"}],"predecessor-version":[{"id":1031,"href":"https:\/\/www.falaroca.com\/mapa\/wp-json\/wp\/v2\/posts\/516\/revisions\/1031"}],"wp:attachment":[{"href":"https:\/\/www.falaroca.com\/mapa\/wp-json\/wp\/v2\/media?parent=516"}],"wp:term":[{"taxonomy":"category","embeddable":true,"href":"https:\/\/www.falaroca.com\/mapa\/wp-json\/wp\/v2\/categories?post=516"},{"taxonomy":"post_tag","embeddable":true,"href":"https:\/\/www.falaroca.com\/mapa\/wp-json\/wp\/v2\/tags?post=516"}],"curies":[{"name":"wp","href":"https:\/\/api.w.org\/{rel}","templated":true}]}}